{"id":1406,"date":"2026-02-04T20:17:00","date_gmt":"2026-02-04T20:17:00","guid":{"rendered":"http:\/\/newgeekweb.fightcar.webd.pl\/index.php\/2024\/02\/06\/facebook-ma-20-lat\/"},"modified":"2026-02-04T21:17:29","modified_gmt":"2026-02-04T21:17:29","slug":"facebook-ma-20-lat","status":"publish","type":"post","link":"https:\/\/geekweb.pl\/index.php\/2026\/02\/04\/facebook-ma-20-lat\/","title":{"rendered":"22 lata temu powsta\u0142 Facebook. Wszystkie grzechy serwisu Marka Zuckerberga"},"content":{"rendered":"\n<p>4 lutego 2004 roku Mark Zuckerberg uruchomi\u0142 serwis, kt\u00f3ry nazwa\u0142 Thefacebook.<\/p>\n\n\n\n<!--more-->\n\n\n\n<h1 class=\"wp-block-heading\">Hot or Not<\/h1>\n\n\n\n<p>W 2003 roku student Harvardu, Mark Zuckerberg, uruchomi\u0142 w sieci stron\u0119, kt\u00f3r\u0105 nazwa\u0142 Facemash, a kt\u00f3ra, m\u00f3wi\u0105c w skr\u00f3cie, by\u0142a kopi\u0105 serwisu Hot or Not w kt\u00f3rym u\u017cytkownicy z dw\u00f3ch dost\u0119pnych fotografii ludzi wybieraj\u0105 t\u0119, kt\u00f3ra podoba im si\u0119 bardziej. Zuckerberg u\u017cy\u0142 jednak zdj\u0119\u0107 student\u00f3w swojej uczelni, kt\u00f3re pobra\u0142 z jej wewn\u0119trznej sieci. Facemash okaza\u0142o si\u0119 bardzo popularne w\u015br\u00f3d student\u00f3w i ju\u017c w&nbsp;ci\u0105gu pierwszych czterech godzin od opublikowania serwis odwiedzi\u0142o 450 go\u015bci, a przejrzanych i ocenionych zosta\u0142o 22 tysi\u0105ce zdj\u0119\u0107. Administracja uniwersytetu po kilku dniach zdj\u0119\u0142a jednak stron\u0119 z serwer\u00f3w uczelni, oskar\u017caj\u0105c jednocze\u015bnie Zuckerberga o naruszenie praw autorskich, prywatno\u015bci i doprowadzenie do wycieku danych. Jak wida\u0107 szef Facebooka ma to we krwi. Uczelnia wycofa\u0142a jednak p\u00f3\u017aniej wszystkie te zarzuty.<\/p>\n\n\n\n<pre class=\"wp-block-preformatted\">Hot or Not dzia\u0142a do dzi\u015b. Strona powsta\u0142a w 2000 roku. Stworzyli j\u0105&nbsp;James Hong i Jim Young.<\/pre>\n\n\n\n<figure class=\"wp-block-image\"><img loading=\"lazy\" decoding=\"async\" width=\"1170\" height=\"828\" src=\"https:\/\/geekweb.pl\/wp-content\/uploads\/2024\/02\/facemash.jpg\" alt=\"\" class=\"wp-image-1405\" srcset=\"https:\/\/geekweb.pl\/wp-content\/uploads\/2024\/02\/facemash.jpg 1170w, https:\/\/geekweb.pl\/wp-content\/uploads\/2024\/02\/facemash-600x425.jpg 600w, https:\/\/geekweb.pl\/wp-content\/uploads\/2024\/02\/facemash-300x212.jpg 300w, https:\/\/geekweb.pl\/wp-content\/uploads\/2024\/02\/facemash-1024x725.jpg 1024w, https:\/\/geekweb.pl\/wp-content\/uploads\/2024\/02\/facemash-768x544.jpg 768w\" sizes=\"auto, (max-width: 1170px) 100vw, 1170px\" \/><\/figure>\n\n\n\n<p>Terminem face book okre\u015bla si\u0119 w Stanach Zjednoczonych papierow\u0105 ksi\u0119g\u0119 ze zdj\u0119ciem studenta i podstawowymi informacjami o nim. Harvard w 2003 roku nie dysponowa\u0142 internetow\u0105, czy nawet elektroniczn\u0105 wersj\u0105 takiego albumu, ale przymierza\u0142 si\u0119, cho\u0107 do\u015b\u0107 topornie, do jego wykonania. Zuckerberg chwali\u0142 si\u0119 nawet na \u0142amach uczelnianej gazety &#8211; The Harvard Crimson &#8211; \u017ce to, co oni planuj\u0105 zrobi\u0107 i zajmie im zapewne kilka lat, on mo\u017ce zrobi\u0107 w tydzie\u0144. Pomys\u0142 ten tak mu si\u0119 spodoba\u0142, \u017ce wsp\u00f3lnie z koleg\u0105 z uczelni, <strong>Eduardo Severinem<\/strong>, zgodzili si\u0119 zainwestowa\u0107 po tysi\u0105c dolar\u00f3w w sp\u00f3\u0142k\u0119. 4 lutego 2004 roku Zuckerberg uruchomi\u0142 pierwsz\u0105 wersj\u0119 Thefacebook. Strona dzia\u0142a\u0142a w domenie thefacebook.com. Severin, swoj\u0105 drog\u0105, zostanie wmanewrowany p\u00f3\u017aniej przez Zuckerberga i innych, wa\u017cnych ludzi w firmie w niezbyt eleganck\u0105 zagrywk\u0119, a swoich racji i nale\u017cnych pieni\u0119dzy b\u0119dzie dochodzi\u0107, z powodzeniem, w s\u0105dzie (nale\u017ca\u0142o by w tym momencie poleci\u0107 film Social Network, je\u015bli ktokolwiek jeszcze go nie widzia\u0142). W tym miejscu nale\u017cy r\u00f3wnie\u017c wspomnie\u0107, \u017ce sze\u015b\u0107 dni po uruchomieniu Thefacebook bracia <strong>Winklevoss<\/strong>, tak\u017ce studenci Harvardu, oskar\u017cyli Zuckerberga o kradzie\u017c pomys\u0142u oraz celowe zwodzenie, a w efekcie uruchomienie konkurencyjnego projektu. Winklevossowie pozwali Zuckerberga, a w 2008 roku zawarli z nim ugod\u0119 na mocy kt\u00f3rej otrzymali 1,2 miliona akcji Facebooka. W chwili wej\u015bcie na gie\u0142d\u0119 Facebooka warte by\u0142y one 300 milion\u00f3w dolar\u00f3w.<\/p>\n\n\n\n<h1 class=\"wp-block-heading\"><span style=\"text-decoration: underline; color: #3366ff;\"><a style=\"color: #3366ff; text-decoration: underline;\" href=\"https:\/\/geekweb.pl\/index.php\/2018\/02\/08\/krezusi-krypto\/\" target=\"_blank\" rel=\"noopener noreferrer\">Winklevossowie pieni\u0105dze z ugody zainwestowali w gie\u0142d\u0119 kryptowalut. Dzi\u015b s\u0105 miliarderami<\/a><\/span><\/h1>\n\n\n\n<p>Pierwotnie Thefacebook zarezerwowane by\u0142o wy\u0142\u0105cznie dla student\u00f3w Harvardu, kt\u00f3rych w ci\u0105gu miesi\u0105ca zarejestrowa\u0142o si\u0119 po\u0142ow\u0119 z wszystkich nadal studiuj\u0105cych. W marcu 2004 roku ofert\u0119 rejestracji otrzymali tak\u017ce studenci Yale oraz Stanforda i Columbii. Wraz z p\u00f3\u017aniejsz\u0105 ekspansj\u0105 rejestrowa\u0107 mogli si\u0119 ju\u017c studenci wszystkich uniwersytet\u00f3w w USA i Kanadzie. W 2005 roku dano tak\u0105 mo\u017cliwo\u015b\u0107 tak\u017ce uczniom szk\u00f3\u0142 \u015brednich, a nast\u0119pnie pracownikom firm Apple i Microsoft. Wreszcie, we wrze\u015bniu 2006 roku, zdecydowano, \u017ce z serwisu mo\u017ce skorzysta\u0107 ka\u017cdy, powy\u017cej 13 roku \u017cycia.<\/p>\n\n\n\n<h1 class=\"wp-block-heading\">Wszystkie grzechy Facebooka<\/h1>\n\n\n\n<p>W roku 2004 prezesem Facebooka zostaje wsp\u00f3\u0142za\u0142o\u017cyciel Napstera,&nbsp;<strong>Sean Parker<\/strong>. Firma przenosi r\u00f3wnie\u017c siedzib\u0119 do Kalifornii, do Palo Alto. W firm\u0119 inwestuje r\u00f3wnie\u017c <strong>Peter Thiel<\/strong>, wsp\u00f3\u0142za\u0142o\u017cyciel serwisu PayPal. W 2005 roku firma postanawia pozby\u0107 si\u0119 k\u0142opotliwego the z nazwy i zostaje jedynie Facebook. Domen\u0119 facebook.com odkupiono od <em>A<\/em>boutFace Corporation za 200 tysi\u0119cy dolar\u00f3w.<\/p>\n\n\n\n<p>Facebook naruszenie prywatno\u015bci u\u017cytkownik\u00f3w ma w swoim DNA. Zuckerberg tworz\u0105c najpierw Facemash, a p\u00f3\u017aniej Thefacebook pos\u0142u\u017cy\u0142 si\u0119 kradzie\u017c\u0105 danych, oszustwami i naruszeniem prywatno\u015bci. Dlaczego wobec tego mia\u0142o by by\u0107 inaczej w kolejnych latach dzia\u0142alno\u015bci. Ju\u017c w 2006 roku, czyli po dw\u00f3ch latach od powstania, Facebook uruchamia News Feed, czyli Wiadomo\u015bci &#8211; to, co widzimy obecnie zaraz po zalogowaniu si\u0119. To zebrane posty i reakcje os\u00f3b oraz marek, kt\u00f3rych mamy w znajomych i kt\u00f3re obserwujemy. Powstanie News Feed wzbudzi\u0142o wiele protest\u00f3w, w tamtym czasie Facebook mia\u0142 8 milion\u00f3w u\u017cytkownik\u00f3w. Wielu z nich by\u0142o niezadowolonych, \u017ce od tego momentu ich prywatne \u017cycie b\u0119dzie od razu wy\u015bwietlane u kogo\u015b tu\u017c po zalogowaniu si\u0119. U\u017cytkownicy byli w\u015bciekli, wyra\u017cali swoje niezadowolenie i grozili. Wszyscy robili to jednak na&#8230; Facebooku. W 2007 roku Facebook ma kolejne problemy. Informacje o tym co i gdzie kupili znajomi zacz\u0119\u0142y pojawia\u0107 si\u0119 w Wiadomo\u015bciach u\u017cytkownik\u00f3w. Wielokrotnie bez najmniejszej wiedzy samych zainteresowanych. Po wybuchu ma\u0142ego skandalu zwi\u0105zanego z programem Beacon Zuckerberg, a jak\u017ce, przeprosi\u0142 i postanowi\u0142 da\u0107 u\u017cytkownikom mo\u017cliwo\u015b\u0107 wy\u0142\u0105czenia tej funkcji. <em>Chcemy po prostu da\u0107 u\u017cytkownikom mo\u017cliwo\u015b\u0107 dzielenia si\u0119 nawet tym, co robi\u0105 poza Facebookiem<\/em> &#8211; m\u00f3wi\u0142 wtedy Zuckerberg. Wszystko dla dobra u\u017cytkownik\u00f3w, czego\u015b nie rozumiecie?<\/p>\n\n\n\n<p>Rok 2011. Po skandalu z programem Beacon Facebook wzbudzi\u0142 zainteresowanie Federalnej Komisji Handlu (FTC). Uzgodniono wi\u0119c z ni\u0105, \u017ce firma ka\u017cdego roku i przez nast\u0119pne 20 lat podda si\u0119 kontroli FTC, a ka\u017cde uchybienie w stosunku do prywatno\u015bci u\u017cytkownik\u00f3w skutkowa\u0107 b\u0119dzie kar\u0105 w wysoko\u015bci 16 tysi\u0119cy dolar\u00f3w na dzie\u0144. Wtedy odkryto tak\u017ce, \u017ce wbrew temu co m\u00f3wi\u0105 przedstawiciele Facebooka, firma udost\u0119pnia pe\u0142ne dane u\u017cytkownik\u00f3w podmiotom trzecim, nawet, je\u015bli ci nigdy nie korzystali z us\u0142ug takiego podmiotu i na to si\u0119 nie godzili.<\/p>\n\n\n\n<figure class=\"wp-block-image\"><img loading=\"lazy\" decoding=\"async\" width=\"1125\" height=\"750\" src=\"https:\/\/geekweb.pl\/wp-content\/uploads\/2021\/10\/facebook2.jpg\" alt=\"\" class=\"wp-image-1109\" srcset=\"https:\/\/geekweb.pl\/wp-content\/uploads\/2021\/10\/facebook2.jpg 1125w, https:\/\/geekweb.pl\/wp-content\/uploads\/2021\/10\/facebook2-600x400.jpg 600w, https:\/\/geekweb.pl\/wp-content\/uploads\/2021\/10\/facebook2-300x200.jpg 300w, https:\/\/geekweb.pl\/wp-content\/uploads\/2021\/10\/facebook2-1024x683.jpg 1024w, https:\/\/geekweb.pl\/wp-content\/uploads\/2021\/10\/facebook2-768x512.jpg 768w\" sizes=\"auto, (max-width: 1125px) 100vw, 1125px\" \/><\/figure>\n\n\n\n<p>W roku 2013 6 milion\u00f3w u\u017cytkownik\u00f3w zosta\u0142o nara\u017conych na wyciek danych adres\u00f3w email oraz numer\u00f3w telefon\u00f3w, spowodowany b\u0142\u0119dem wewn\u0105trz oprogramowania Facebooka. Rok p\u00f3\u017aniej Facebook wpad\u0142 na eksperymentowaniu z nastrojami swoich u\u017cytkownik\u00f3w, dostarczaj\u0105c im jedynie albo z\u0142ych, albo dobrych informacji. <em>Badanie<\/em> mia\u0142o pokaza\u0107 jak dobre, albo z\u0142e emocje rozprzestrzeniaj\u0105 si\u0119 w serwisie spo\u0142eczno\u015bciowym. Kiedy sprawa wysz\u0142a na jaw firma przeprosi\u0142a. Facebook obieca\u0142 tak\u017ce, \u017ce nie b\u0119dzie ju\u017c przekazywa\u0142 tak du\u017cej ilo\u015bci danych podmiotom trzecim. W 2015 roku firma zredukowa\u0142a ilo\u015b\u0107 informacji, kt\u00f3re mog\u0142y z serwisu pobiera\u0107 inne aplikacje. To, co do tej pory pobra\u0142y powinno im wystarczy\u0107. Ludzie powiedzieli &#8211; nie ma sprawy.<\/p>\n\n\n\n<p>W 2018 roku, tu\u017c przed wprowadzeniem przepis\u00f3w RODO w Europie, Facebook uruchamia akcj\u0119 informacyjn\u0105 maj\u0105c\u0105 na celu przybli\u017cenie u\u017cytkownikom tego, jak mog\u0105 dba\u0107 o swoje dane z serwisu. Miesi\u0105c p\u00f3\u017aniej belgijski s\u0105d nakazuje firmie Zuckerberga przesta\u0107 \u015bledzenia obywateli Belgii i tego, co robi\u0105 na stronach potencjalnie w og\u00f3le z serwisem niezwi\u0105zanych. Facebook pobiera\u0142 informacje o u\u017cytkownikach tych stron poprzez <em>cookies<\/em> przegl\u0105darek. Dotychczas zebrane dane mia\u0142y r\u00f3wnie\u017c zosta\u0107 usuni\u0119te. S\u0105d zagrozi\u0142 kar\u0105 w wysoko\u015bci do 100 milion\u00f3w euro.<\/p>\n\n\n\n<p>Kolejny miesi\u0105c p\u00f3\u017aniej Facebook musi si\u0119 ponownie t\u0142umaczy\u0107 z pot\u0119\u017cnej kradzie\u017cy danych u\u017cytkownik\u00f3w. Chodzi\u0142o o wyciek danych dotycz\u0105cych nawet 87 milion\u00f3w profili w serwisie spo\u0142eczno\u015bciowym kierowanym przez&nbsp;<strong>Marka Zuckerberga<\/strong>. Firma&nbsp;Cambridge Analytica<em>, <\/em>g\u0142\u00f3wny winowajca,&nbsp;mia\u0142a p\u00f3\u017aniej wykorzystywa\u0107 te dane do manipulacji wyborczych, profilowania internaut\u00f3w pod wzgl\u0119dem ich preferencji wyborczych, a wszystko to do kupy mia\u0142 wykorzystywa\u0107 sztab wyborczy, wtedy kandydata na prezydenta USA, Donalda Trumpa. Wieszczono wtedy wielki eksodus u\u017cytkownik\u00f3w z portalu oraz ogromne spadki cen akcji. Co prawda cena akcji, tu\u017c po wyj\u015bciu na jaw wspominanej afery, poszybowa\u0142y w d\u00f3\u0142, ale na wielkim, niebieskim F nie zrobi\u0142o to w d\u0142u\u017cszym okresie czasu \u017cadnego wra\u017cenia.<\/p>\n\n\n\n<h1 class=\"wp-block-heading\">O aferze Cambridge Analytica opowiada dokumentalny film w serwisie Netflix pt. Hakowanie \u015bwiata<\/h1>\n\n\n\n<p>Wra\u017cenia nie zrobi\u0142a nawet grzywna w wysoko\u015bci 5 miliard\u00f3w dolar\u00f3w, kt\u00f3r\u0105 na Facebook na\u0142o\u017cy\u0142a Federalna Komisja Handlu. Dok\u0142adnie na tak\u0105, a nawet wy\u017csz\u0105, kwot\u0119 Facebook przygotowany by\u0142 ju\u017c na pocz\u0105tku 2019 roku.&nbsp;Firma z Menlo Park bowiem ju\u017c w pierwszym kwartale&nbsp;ubieg\u0142ego roku zabezpieczy\u0142a na poczet p\u00f3\u017aniejszej&nbsp;grzywny 3 miliardy dolar\u00f3w (przy przychodach rz\u0119du 15 miliard\u00f3w), a przedstawiciele firmy deklarowali ju\u017c wtedy, \u017ce ka\u017cda kara poni\u017cej 10 miliard\u00f3w b\u0119dzie sukcesem firmy.<\/p>\n\n\n\n<p>Facebook do\u015b\u0107 d\u0142ugo ukrywa\u0142 to, co mog\u0105 wiedzie\u0107 o tobie aplikacje i us\u0142ugi, kt\u00f3re na pierwszy rzut oka nie s\u0105 z serwisem powi\u0105zane, a co mo\u017ce i pochodzi z Facebooka. Pod koniec stycznia 2019 roku serwis spo\u0142eczno\u015bciowy uruchomi\u0142 opcj\u0119 w kt\u00f3rej u\u017cytkownik mo\u017ce prze\u015bledzi\u0107 to, co na jego temat wie Zuckerberg i sp\u00f3\u0142ka. Narz\u0119dzia&nbsp; off &#8211; facebook activity pozwalaj\u0105 zobaczy\u0107 wiele. Oczywi\u015bcie Facebook nigdzie nie chwali si\u0119 ich udost\u0119pnieniem i przeci\u0119tny u\u017cytkownik w og\u00f3le nie wie o ich istnieniu. A powinien si\u0119 zainteresowa\u0107. Facebook \u015bledzi go bowiem na ok. 30 procentach z wszystkich 10 tysi\u0119cy najpopularniejszych na \u015bwiecie stron i us\u0142ug. Pobranie wszystkiego tego, co serwis o tobie wie, mo\u017ce by\u0107 dobrym pomys\u0142em, ale przygotujcie si\u0119 na niema\u0142y szok. Zajrzyjcie <span style=\"text-decoration: underline; color: #3366ff;\"><a style=\"color: #3366ff; text-decoration: underline;\" href=\"https:\/\/www.facebook.com\/off_facebook_activity\/\" target=\"_blank\" rel=\"noopener noreferrer\">tutaj<\/a><\/span>.<\/p>\n\n\n\n<p>W pe\u0142noletnio\u015b\u0107 Facebook wchodzi z&nbsp;b\u00f3lem g\u0142owy. Po raz pierwszy od momentu powstania serwisu, w kwartalnym raporcie, wykazano, \u017ce portal opu\u015bci\u0142o wi\u0119cej u\u017cytkownik\u00f3w, ni\u017c si\u0119 do niego zapisa\u0142o. Nie takie jak oczekiwano by\u0142y r\u00f3wnie\u017c przychody z reklam, na co rynek zareagowa\u0142 a\u017c 20 procentowym spadkiem cen akcji giganta, w wyniku kt\u00f3rego wyparowa\u0142o 200 miliard\u00f3w dolar\u00f3w. W Facebooka uderza r\u00f3wnie\u017c Apple. Aktualizacja polityki prywatno\u015bci (Apple\u2019s App Tracking Transparency) u\u017cytkownik\u00f3w systemu iOS ma spowodowa\u0107, \u017ce w tym roku od prognozowanych przychod\u00f3w Facebook musi odj\u0105\u0107 ok. 10 miliard\u00f3w dolar\u00f3w. W dodatku praktykom serwisu wci\u0105\u017c przygl\u0105daj\u0105 si\u0119 regulatorzy i raz po raz nak\u0142adaj\u0105 na niego wielomilionowe lub <span style=\"text-decoration: underline;\"><a title=\"Komisja Europejska znowu przygl\u0105da si\u0119 praktykom Facebooka\" href=\"http:\/\/newgeekweb.fightcar.webd.pl\/index.php\/2021\/06\/04\/komisja-europejska-facebook-nielegalne-praktyki-antytrust\/\" target=\"_blank\" rel=\"noopener noreferrer\"><span style=\"color: #3366ff; text-decoration: underline;\">wielomiliardowe<\/span><\/a><\/span> grzywny.<\/p>\n\n\n\n<p>Reputacja Facebooka w pewnym momencie by\u0142a tak z\u0142a, \u017ce\u00a0Mark Zuckerberg przeprowadzi\u0142 rebranding firmy matki i od pa\u017adziernika 2021 roku sp\u00f3\u0142ka nosi nazw\u0119 <span style=\"text-decoration: underline;\"><a title=\"Facebook to teraz Meta\" href=\"http:\/\/newgeekweb.fightcar.webd.pl\/index.php\/2021\/10\/28\/facebook-to-teraz-meta-najwazniejsze-zapowiedzi-z-connect\/\" target=\"_blank\" rel=\"noopener noreferrer\"><span style=\"color: #3366ff; text-decoration: underline;\">Meta<\/span><\/a><\/span>. Jak t\u0142umaczy\u0142 wtedy Zuck, dotychczasowa nazwa, czyli po prostu Facebook, nie odnosi\u0142a si\u0119 ju\u017c w pe\u0142ni do dzia\u0142alno\u015bci firmy, kt\u00f3ra dawno wysz\u0142a poza serwis spo\u0142eczno\u015bciowy.<\/p>\n\n\n\n<p>A wi\u0119c: <em>O czym my\u015blis<\/em>z<em>?<\/em><\/p>\n\n\n<div class=\"wp-block-image\">\n<figure class=\"aligncenter size-full\"><a href=\"https:\/\/news.google.com\/publications\/CAAqBwgKMPyplgsw786tAw?ceid=PL:pl&amp;oc=3\"><img loading=\"lazy\" decoding=\"async\" width=\"406\" height=\"134\" src=\"https:\/\/geekweb.pl\/wp-content\/uploads\/2024\/05\/google_news.png\" alt=\"\" class=\"wp-image-8933\" srcset=\"https:\/\/geekweb.pl\/wp-content\/uploads\/2024\/05\/google_news.png 406w, https:\/\/geekweb.pl\/wp-content\/uploads\/2024\/05\/google_news-300x99.png 300w\" sizes=\"auto, (max-width: 406px) 100vw, 406px\" \/><\/a><\/figure>\n<\/div>","protected":false},"excerpt":{"rendered":"<p>4 lutego 2004 roku Mark Zuckerberg uruchomi\u0142 serwis, kt\u00f3ry nazwa\u0142 Thefacebook.<\/p>\n","protected":false},"author":1,"featured_media":1404,"comment_status":"open","ping_status":"open","sticky":false,"template":"","format":"standard","meta":{"footnotes":""},"categories":[2,11,12],"tags":[270,151,426,966,523,376,419],"class_list":["post-1406","post","type-post","status-publish","format-standard","has-post-thumbnail","hentry","category-internet","category-kalendarium","category-magazyn","tag-facebook","tag-kartka-z-kalendarza","tag-mark-zuckerberg","tag-prywatnosc","tag-urodziny","tag-uruchomienie","tag-wyciek-danych"],"_links":{"self":[{"href":"https:\/\/geekweb.pl\/index.php\/wp-json\/wp\/v2\/posts\/1406","targetHints":{"allow":["GET"]}}],"collection":[{"href":"https:\/\/geekweb.pl\/index.php\/wp-json\/wp\/v2\/posts"}],"about":[{"href":"https:\/\/geekweb.pl\/index.php\/wp-json\/wp\/v2\/types\/post"}],"author":[{"embeddable":true,"href":"https:\/\/geekweb.pl\/index.php\/wp-json\/wp\/v2\/users\/1"}],"replies":[{"embeddable":true,"href":"https:\/\/geekweb.pl\/index.php\/wp-json\/wp\/v2\/comments?post=1406"}],"version-history":[{"count":7,"href":"https:\/\/geekweb.pl\/index.php\/wp-json\/wp\/v2\/posts\/1406\/revisions"}],"predecessor-version":[{"id":13067,"href":"https:\/\/geekweb.pl\/index.php\/wp-json\/wp\/v2\/posts\/1406\/revisions\/13067"}],"wp:featuredmedia":[{"embeddable":true,"href":"https:\/\/geekweb.pl\/index.php\/wp-json\/wp\/v2\/media\/1404"}],"wp:attachment":[{"href":"https:\/\/geekweb.pl\/index.php\/wp-json\/wp\/v2\/media?parent=1406"}],"wp:term":[{"taxonomy":"category","embeddable":true,"href":"https:\/\/geekweb.pl\/index.php\/wp-json\/wp\/v2\/categories?post=1406"},{"taxonomy":"post_tag","embeddable":true,"href":"https:\/\/geekweb.pl\/index.php\/wp-json\/wp\/v2\/tags?post=1406"}],"curies":[{"name":"wp","href":"https:\/\/api.w.org\/{rel}","templated":true}]}}