{"id":5181,"date":"2025-10-03T19:14:38","date_gmt":"2025-10-03T19:14:38","guid":{"rendered":"http:\/\/newgeekweb.fightcar.webd.pl\/index.php\/2023\/10\/03\/rakiety-typu-v2-werner-von-braun\/"},"modified":"2025-10-03T19:14:39","modified_gmt":"2025-10-03T19:14:39","slug":"rakiety-typu-v2-werner-von-braun","status":"publish","type":"post","link":"https:\/\/geekweb.pl\/index.php\/2025\/10\/03\/rakiety-typu-v2-werner-von-braun\/","title":{"rendered":"83 lata temu Niemcy wystrzelili pierwsz\u0105 rakiet\u0119 typu V2"},"content":{"rendered":"\n<p>3 pa\u017adziernika 1942 roku, w Peenemunde, niemieckiej wyspie u wybrze\u017cy Ba\u0142tyku, Niemcy przeprowadzili udan\u0105 pr\u00f3b\u0119 wystrzelenia rakiety typu V2, autorstwa Wernera von Brauna. Tego typu bro\u0144 przekszta\u0142ci si\u0119 po wojnie w mi\u0119dzykontynentalne rakiety balistyczne.<\/p>\n\n\n\n<!--more-->\n\n\n\n<h1 class=\"wp-block-heading\">Wynalazek<\/h1>\n\n\n\n<p>Niemieccy naukowcy, pod przewodnictwem <strong>Wernera von Brauna<\/strong>, nad tego typu broni\u0105 pracowali od lat 30-tych XX wieku. Pocisk rakietowy V2 to rakieta dalekiego zasi\u0119gu, pierwszy w historii ludzko\u015bci pocisk, kt\u00f3ry przekroczy\u0142 lini\u0119 Karmana, czyli wysoko\u015b\u0107 stu kilometr\u00f3w, wchodz\u0105c tym samym w umown\u0105 przestrze\u0144 kosmiczn\u0105. V w nazwie pocisku pochodzi od niemieckiego s\u0142owa Vergeltung oznaczaj\u0105cego odwet. Przed udan\u0105 pr\u00f3b\u0105 3 pa\u017adziernika 1942 roku przeprowadzono trzy nieudane testy. Czwarty z kolei, znany jako test A-4, zako\u0144czy\u0142 si\u0119 sukcesem. Dwunasto tonowa rakieta z tonowym \u0142adunkiem bojowym unios\u0142a si\u0119 w powietrze.<\/p>\n\n\n\n<pre class=\"wp-block-preformatted\"><strong>Wernher Magnus Maximilian Freiherr von Braun<\/strong>, urodzi\u0142 si\u0119 23 marca 1912 roku w Wirsitz, obecnie Wyrzysk, zmar\u0142 16 czerwca 1977 roku w Alexandrii w stanie Wirginii \u2013 niemiecki uczony, konstruktor rakiet; podczas II wojny \u015bwiatowej wsp\u00f3\u0142tw\u00f3rca pocisk\u00f3w balistycznych V2, cz\u0142onek partii nazistowskiej, oficer SS, a po wojnie czo\u0142owy wsp\u00f3\u0142tw\u00f3rca programu kosmicznego Stan\u00f3w Zjednoczonych, pionier podboju kosmosu.<\/pre>\n\n\n\n<h1 class=\"wp-block-heading\">Wyj\u0105tkowa bro\u0144<\/h1>\n\n\n\n<p>Rakieta V2 by\u0142a unikalna na kilka sposob\u00f3w i niemal niemo\u017cliwa do przechwycenia. W pierwszym etapie, po wystrzeleniu, osi\u0105ga\u0142a wysoko\u015b\u0107 oko\u0142o 6 mil, czyli 10 kilometr\u00f3w. Nast\u0119pnie przechodzi\u0142a w bieg ja\u0142owy, po czym odcina\u0142a dop\u0142yw paliwa, w zale\u017cno\u015bci od po\u017c\u0105danego zasi\u0119gu. Nast\u0119pnie nakierowywa\u0142a si\u0119 na cel na kt\u00f3ry spada\u0142a z pr\u0119dko\u015bci\u0105 4000 mil na godzin\u0119,&nbsp;co daje 1788 metr\u00f3w na sekund\u0119. W cel uderza\u0142a z tak\u0105 si\u0142\u0105, \u017ce sam pocisk wbija\u0142 si\u0119 w ziemi\u0119 na kilka metr\u00f3w. V2 by\u0142a w stanie przelecie\u0107 oko\u0142o 320 kilometr\u00f3w.<\/p>\n\n\n\n<h1 class=\"wp-block-heading\">Bojowe u\u017cycie<\/h1>\n\n\n\n<p>Masow\u0105 produkcj\u0119 rakiet V2 Niemcy uruchomili w pa\u017adzierniku 1943 roku. Pierwsze bojowe u\u017cycie pocisk\u00f3w V2 nast\u0105pi\u0142o dopiero 6 wrze\u015bnia 1944 roku, czyli praktycznie u schy\u0142ku II Wojny \u015awiatowej. Dwa pociski wystrzelone zosta\u0142y na Pary\u017c. Dwa dni p\u00f3\u017aniej kolejne dwa&nbsp;wystrzelono w stron\u0119 Zjednoczonego Kr\u00f3lestwa. By\u0142 to pocz\u0105tek gradu rakiet, kt\u00f3re spad\u0142y na to wyspiarskie pa\u0144stwo. W okresie kolejnych sze\u015bciu miesi\u0119cy Niemcy wystrzelili w stron\u0119 Anglik\u00f3w 1100 rakiet tego typu. Na szcz\u0119\u015bcie dla Aliant\u00f3w pociski V2 okaza\u0142y si\u0119 niezwykle trudne do sterowania i niezwykle nieprecyzyjne. Chybia\u0142y cel, w niekt\u00f3rych przypadkach nawet o kilka kilometr\u00f3w. Warto\u015b\u0107 samego terroru, jaki sia\u0142a ich obecno\u015b\u0107 na niebie by\u0142a jednak nie do przecenienia.<\/p>\n\n\n\n<h1 class=\"wp-block-heading\">Post wojenna <em>kariera<\/em> wynalazc\u00f3w V2<\/h1>\n\n\n\n<p>Po zako\u0144czeniu II Wojny \u015awiatowej <strong>Werner von Braun<\/strong> zosta\u0142 przechwycony przez Amerykan\u00f3w. Odda\u0142 si\u0119 w ich r\u0119ce w maju 1945 roku. Bardzo wielu naukowc\u00f3w, pracuj\u0105cych przy tym projekcie po uko\u0144czeniu wojny, zosta\u0142o przechwyconych to przez Wujka Sama, to przez Wujka J\u00f3zefa. Dla Sowiet\u00f3w pracowa\u0142 na przyk\u0142ad, uwa\u017cany za praw\u0105 r\u0119k\u0119 von Brauna, Helmutt Groettrup. Praca von Brauna dla Amerykan\u00f3w przynios\u0142a, mi\u0119dzy innymi, wyniesienie na orbit\u0119 pierwszego ameryka\u0144skiego sztucznego satelit\u0119 Ziemi, Explorera 1. Kolejnym dzie\u0142em von Brauna by\u0142a rakieta Saturn V, kt\u00f3ra pozwoli\u0142a wyl\u0105dowa\u0107 ameryka\u0144skim astronautom na Ksi\u0119\u017cycu. Za to osi\u0105gni\u0119cie zosta\u0142 odznaczony w 1969 roku jednym z najwy\u017cszych odznacze\u0144: Distinguished Service Medal. W 1970 roku zosta\u0142 zast\u0119pc\u0105 dyrektora NASA do spraw planowania.<\/p>\n\n\n\n<p>Von Braun sta\u0142 si\u0119 jednym z najbardziej rozpoznawalnych naukowc\u00f3w w USA. Zalo\u017cyciel NASA spe\u0142ni\u0142 wszystkie swoje marzenia z dzieci\u0144stwa, sta\u0142 si\u0119 szanowany i bogaty. Nigdy nie odpowiedzia\u0142 przed s\u0105dem za sw\u00f3j wk\u0142ad w <strong>niemiecki przemys\u0142 zag\u0142ady<\/strong>. Zmar\u0142 16 czerwca 1977 roku.<\/p>\n\n\n<div class=\"wp-block-image\">\n<figure class=\"aligncenter size-full\"><a href=\"https:\/\/news.google.com\/publications\/CAAqBwgKMPyplgsw786tAw?ceid=PL:pl&amp;oc=3\"><img loading=\"lazy\" decoding=\"async\" width=\"406\" height=\"134\" src=\"https:\/\/geekweb.pl\/wp-content\/uploads\/2024\/05\/google_news.png\" alt=\"\" class=\"wp-image-8933\" srcset=\"https:\/\/geekweb.pl\/wp-content\/uploads\/2024\/05\/google_news.png 406w, https:\/\/geekweb.pl\/wp-content\/uploads\/2024\/05\/google_news-300x99.png 300w\" sizes=\"auto, (max-width: 406px) 100vw, 406px\" \/><\/a><\/figure>\n<\/div>\n\n\n<p><\/p>\n","protected":false},"excerpt":{"rendered":"<p>3 pa\u017adziernika 1942 roku, w Peenemunde, niemieckiej wyspie u wybrze\u017cy Ba\u0142tyku, Niemcy przeprowadzili udan\u0105 pr\u00f3b\u0119 wystrzelenia rakiety typu V2, autorstwa Wernera von Brauna. Tego typu&#8230;<\/p>\n","protected":false},"author":1,"featured_media":5180,"comment_status":"open","ping_status":"open","sticky":false,"template":"","format":"standard","meta":{"footnotes":""},"categories":[12],"tags":[151,195,3581,3580,3579],"class_list":["post-5181","post","type-post","status-publish","format-standard","has-post-thumbnail","hentry","category-magazyn","tag-kartka-z-kalendarza","tag-nasa","tag-nazista","tag-rakieta-v2","tag-werner-von-braun"],"_links":{"self":[{"href":"https:\/\/geekweb.pl\/index.php\/wp-json\/wp\/v2\/posts\/5181","targetHints":{"allow":["GET"]}}],"collection":[{"href":"https:\/\/geekweb.pl\/index.php\/wp-json\/wp\/v2\/posts"}],"about":[{"href":"https:\/\/geekweb.pl\/index.php\/wp-json\/wp\/v2\/types\/post"}],"author":[{"embeddable":true,"href":"https:\/\/geekweb.pl\/index.php\/wp-json\/wp\/v2\/users\/1"}],"replies":[{"embeddable":true,"href":"https:\/\/geekweb.pl\/index.php\/wp-json\/wp\/v2\/comments?post=5181"}],"version-history":[{"count":3,"href":"https:\/\/geekweb.pl\/index.php\/wp-json\/wp\/v2\/posts\/5181\/revisions"}],"predecessor-version":[{"id":13048,"href":"https:\/\/geekweb.pl\/index.php\/wp-json\/wp\/v2\/posts\/5181\/revisions\/13048"}],"wp:featuredmedia":[{"embeddable":true,"href":"https:\/\/geekweb.pl\/index.php\/wp-json\/wp\/v2\/media\/5180"}],"wp:attachment":[{"href":"https:\/\/geekweb.pl\/index.php\/wp-json\/wp\/v2\/media?parent=5181"}],"wp:term":[{"taxonomy":"category","embeddable":true,"href":"https:\/\/geekweb.pl\/index.php\/wp-json\/wp\/v2\/categories?post=5181"},{"taxonomy":"post_tag","embeddable":true,"href":"https:\/\/geekweb.pl\/index.php\/wp-json\/wp\/v2\/tags?post=5181"}],"curies":[{"name":"wp","href":"https:\/\/api.w.org\/{rel}","templated":true}]}}